{"id":446,"date":"2025-03-16T14:44:25","date_gmt":"2025-03-16T14:44:25","guid":{"rendered":"https:\/\/taverna-hellas-restaurant.de\/?p=446"},"modified":"2025-08-02T09:59:08","modified_gmt":"2025-08-02T09:59:08","slug":"neue-heimat-gleiche-leidenschaft","status":"publish","type":"post","link":"https:\/\/taverna-hellas-restaurant.de\/?p=446","title":{"rendered":"&#x1f37d;&#xfe0f; Neue Heimat, gleiche Leidenschaft! &#x1f37d;&#xfe0f;"},"content":{"rendered":"\n<p>Liebe G\u00e4ste, es ist soweit! Unsere Taverne zieht um \u2013 ab April begr\u00fc\u00dfen wir euch nicht mehr in Emmerting, sondern in der Gastst\u00e4tte St. Johann in Burghausen&#x1f3f0;&#x2728;<\/p>\n\n\n\n<p>Wir freuen uns riesig, euch in unserer neuen Location mit all den leckeren Spezialit\u00e4ten zu verw\u00f6hnen, die ihr liebt. Als Familienbetrieb steckt in jedem Gericht unsere ganze Leidenschaft \u2013 und wir k\u00f6nnen es kaum erwarten, sie mit euch zu teilen! &#x2764;&#xfe0f;<\/p>\n\n\n\n<p>Bleibt dran \u2013 weitere Infos zur gro\u00dfen Er\u00f6ffnung folgen bald! Wir z\u00e4hlen die Tage und freuen uns auf euch! &#x1f942;&#x1f1ec;&#x1f1f7;<\/p>\n\n\n\n<p><\/p>\n","protected":false},"excerpt":{"rendered":"<p>Liebe G\u00e4ste, es ist soweit! Unsere Taverne zieht um \u2013 ab April begr\u00fc\u00dfen wir euch nicht mehr in Emmerting, sondern in der Gastst\u00e4tte St. Johann in Burghausen&#x1f3f0;&#x2728; Wir freuen uns riesig, euch in unserer neuen Location mit all den leckeren Spezialit\u00e4ten zu verw\u00f6hnen, die ihr liebt. Als Familienbetrieb steckt in [&hellip;]<\/p>\n","protected":false},"author":1,"featured_media":447,"comment_status":"closed","ping_status":"closed","sticky":false,"template":"","format":"standard","meta":{"footnotes":""},"categories":[3],"tags":[],"class_list":["post-446","post","type-post","status-publish","format-standard","has-post-thumbnail","hentry","category-beitrag"],"_links":{"self":[{"href":"https:\/\/taverna-hellas-restaurant.de\/index.php?rest_route=\/wp\/v2\/posts\/446","targetHints":{"allow":["GET"]}}],"collection":[{"href":"https:\/\/taverna-hellas-restaurant.de\/index.php?rest_route=\/wp\/v2\/posts"}],"about":[{"href":"https:\/\/taverna-hellas-restaurant.de\/index.php?rest_route=\/wp\/v2\/types\/post"}],"author":[{"embeddable":true,"href":"https:\/\/taverna-hellas-restaurant.de\/index.php?rest_route=\/wp\/v2\/users\/1"}],"replies":[{"embeddable":true,"href":"https:\/\/taverna-hellas-restaurant.de\/index.php?rest_route=%2Fwp%2Fv2%2Fcomments&post=446"}],"version-history":[{"count":2,"href":"https:\/\/taverna-hellas-restaurant.de\/index.php?rest_route=\/wp\/v2\/posts\/446\/revisions"}],"predecessor-version":[{"id":449,"href":"https:\/\/taverna-hellas-restaurant.de\/index.php?rest_route=\/wp\/v2\/posts\/446\/revisions\/449"}],"wp:featuredmedia":[{"embeddable":true,"href":"https:\/\/taverna-hellas-restaurant.de\/index.php?rest_route=\/wp\/v2\/media\/447"}],"wp:attachment":[{"href":"https:\/\/taverna-hellas-restaurant.de\/index.php?rest_route=%2Fwp%2Fv2%2Fmedia&parent=446"}],"wp:term":[{"taxonomy":"category","embeddable":true,"href":"https:\/\/taverna-hellas-restaurant.de\/index.php?rest_route=%2Fwp%2Fv2%2Fcategories&post=446"},{"taxonomy":"post_tag","embeddable":true,"href":"https:\/\/taverna-hellas-restaurant.de\/index.php?rest_route=%2Fwp%2Fv2%2Ftags&post=446"}],"curies":[{"name":"wp","href":"https:\/\/api.w.org\/{rel}","templated":true}]}}